{"id":6530,"date":"2022-04-08T12:27:39","date_gmt":"2022-04-08T16:27:39","guid":{"rendered":"https:\/\/www.riadm.ca\/?p=6530"},"modified":"2022-04-08T12:45:06","modified_gmt":"2022-04-08T16:45:06","slug":"communique-fin-des-procedures-judiciaires-3","status":"publish","type":"post","link":"https:\/\/www.riadm.ca\/index.php\/2022\/04\/08\/communique-fin-des-procedures-judiciaires-3\/","title":{"rendered":"Communiqu\u00e9 &#8211; Fin des proc\u00e9dures judiciaires"},"content":{"rendered":"<p><img loading=\"lazy\" class=\"aligncenter wp-image-6532\" src=\"https:\/\/www.riadm.ca\/wp-content\/uploads\/2022\/04\/logos-regie-et-ville-lachute.png\" alt=\"\" width=\"500\" height=\"344\" srcset=\"https:\/\/www.riadm.ca\/wp-content\/uploads\/2022\/04\/logos-regie-et-ville-lachute.png 764w, https:\/\/www.riadm.ca\/wp-content\/uploads\/2022\/04\/logos-regie-et-ville-lachute-300x207.png 300w\" sizes=\"(max-width: 500px) 100vw, 500px\" \/><\/p>\n<p style=\"text-align: center;\"><strong>COMMUNIQU\u00c9<\/strong><\/p>\n<p style=\"text-align: right;\">\u00a0 \u00a0 \u00a0 \u00a0 \u00a0Pour diffusion imm\u00e9diate<\/p>\n<p style=\"text-align: center;\">Fin des proc\u00e9dures judiciaires :<\/p>\n<p style=\"text-align: center;\">LA FIRME COMPTABLE AMYOT G\u00c9LINAS, LA VILLE DE LACHUTE ET LA RIADM CONVIENNENT D\u2019UN R\u00c8GLEMENT HORS COUR<\/p>\n<p style=\"text-align: left;\">Lachute, 8 avril 2022 \u2013 La firme d\u2019experts-comptables Amyot G\u00e9linas s.e.n.c.r.l., la Ville de Lachute, la RIADM et Monsieur Carl P\u00e9loquin annoncent qu\u2019une entente est intervenue mettant fin au litige judiciaire engag\u00e9 en 2016.<\/p>\n<p style=\"text-align: left;\">Amyot G\u00e9linas poursuivait la Ville de Lachute, la RIADM et monsieur Carl P\u00e9loquin en dommages en raison de r\u00e9solutions adopt\u00e9es en 2015 et en 2016 et pour la diffusion m\u00e9diatique de leur contenu notamment par la voie d\u2019un communiqu\u00e9 \u00e9mis le 9 d\u00e9cembre 2015.<\/p>\n<p style=\"text-align: left;\">Amyot G\u00e9linas s\u2019est d\u00e9fendu \u00e0 l\u2019encontre de ces documents qui affectaient l\u2019excellente r\u00e9putation dont elle a toujours b\u00e9n\u00e9fici\u00e9. La Ville de Lachute et la RIADM confirment qu\u2019aucune suite ne sera donn\u00e9e par elles aux r\u00e9solutions qui ont vis\u00e9 Amyot G\u00e9linas et qu\u2019elles n\u2019entendent pas faire d\u2019autres suivis aupr\u00e8s des organismes mentionn\u00e9s aux r\u00e9solutions, \u00e0 moins qu\u2019elles ne soient express\u00e9ment interpel\u00e9es par ces organismes.<\/p>\n<p style=\"text-align: left;\">Consid\u00e9rant qu\u2019elles n\u2019ont pr\u00e9sentement connaissance d\u2019aucun fait qui justifierait d\u2019exclure la firme Amyot G\u00e9linas, la Ville de Lachute et la RIADM tiennent \u00e0 pr\u00e9ciser que le lien de confiance est r\u00e9tabli avec cette firme qui ne sera plus emp\u00each\u00e9e d\u2019offrir ses services et de soumissionner avec elles.<\/p>\n<p style=\"text-align: left;\">Afin de tenir compte de l\u2019entente intervenue, la Ville de Lachute et la RIADM se sont engag\u00e9es \u00e0 adopter des r\u00e9solutions afin de modifier les r\u00e9solutions ant\u00e9rieures pour y retirer toute r\u00e9f\u00e9rence \u00e0 la firme Amyot G\u00e9linas et il a \u00e9t\u00e9 convenu que le communiqu\u00e9 du 9 d\u00e9cembre 2015 de la Ville de Lachute soit r\u00e9tract\u00e9 par la Ville de Lachute \u00e0 l\u2019\u00e9gard d\u2019Amyot G\u00e9linas comme s\u2019il n\u2019avait jamais \u00e9t\u00e9 \u00e9mis.<\/p>\n<p style=\"text-align: left;\">La firme Amyot G\u00e9linas tient \u00e0 remercier toutes les personnes qui n\u2019ont jamais dout\u00e9 de son professionnalisme et de son int\u00e9grit\u00e9. Les parties tiennent \u00e0 souligner l\u2019esprit d\u2019ouverture et la collaboration ayant permis de r\u00e9gler toute cette affaire lors d\u2019une conf\u00e9rence de r\u00e8glement \u00e0 l\u2019amiable pr\u00e9sid\u00e9e par l\u2019honorable juge Danielle Mayrand de la Cour sup\u00e9rieure du Qu\u00e9bec le 24 mars 2022.<\/p>\n<p style=\"text-align: left;\">Enfin, les parties ont convenu de garder les modalit\u00e9s de leur entente confidentielle et de limiter leurs commentaires aux termes du pr\u00e9sent communiqu\u00e9 souhaitant clore d\u00e9finitivement cette affaire.<\/p>\n<p style=\"text-align: center;\">&#8211; 30 \u2013<\/p>\n<p>Pour renseignements :<\/p>\n<p><img loading=\"lazy\" class=\"alignnone size-medium wp-image-5052\" src=\"https:\/\/www.riadm.ca\/wp-content\/uploads\/2021\/05\/ville-lachute-2-300x80.png\" alt=\"\" width=\"300\" height=\"80\" srcset=\"https:\/\/www.riadm.ca\/wp-content\/uploads\/2021\/05\/ville-lachute-2-300x80.png 300w, https:\/\/www.riadm.ca\/wp-content\/uploads\/2021\/05\/ville-lachute-2-768x205.png 768w, https:\/\/www.riadm.ca\/wp-content\/uploads\/2021\/05\/ville-lachute-2.png 1024w\" sizes=\"(max-width: 300px) 100vw, 300px\" \/><br \/>\nVille de Lachute<br \/>\n450 562-3781<br \/>\nlachute@lachute.ca<\/p>\n<p><img loading=\"lazy\" class=\"alignnone size-medium wp-image-22\" src=\"https:\/\/www.riadm.ca\/wp-content\/uploads\/2017\/01\/Logo1-300x78.jpg\" alt=\"\" width=\"300\" height=\"78\" srcset=\"https:\/\/www.riadm.ca\/wp-content\/uploads\/2017\/01\/Logo1-300x78.jpg 300w, https:\/\/www.riadm.ca\/wp-content\/uploads\/2017\/01\/Logo1.jpg 375w\" sizes=\"(max-width: 300px) 100vw, 300px\" \/><br \/>\nR\u00e9gie Intermunicipale Argenteuil Deux-Montagnes (RIADM)<br \/>\n450 562-3786<br \/>\ninfo@riadm.ca<\/p>\n","protected":false},"excerpt":{"rendered":"<p>COMMUNIQU\u00c9 \u00a0 \u00a0 \u00a0 \u00a0 \u00a0Pour diffusion imm\u00e9diate Fin des proc\u00e9dures judiciaires : LA FIRME COMPTABLE AMYOT G\u00c9LINAS, LA VILLE DE LACHUTE ET LA RIADM CONVIENNENT D\u2019UN R\u00c8GLEMENT HORS COUR Lachute, 8 avril 2022 \u2013 La firme d\u2019experts-comptables Amyot G\u00e9linas s.e.n.c.r.l., la Ville de Lachute, la RIADM et Monsieur Carl P\u00e9loquin annoncent qu\u2019une entente est [&hellip;]<\/p>\n","protected":false},"author":6,"featured_media":4781,"comment_status":"closed","ping_status":"closed","sticky":false,"template":"","format":"standard","meta":[],"categories":[6],"tags":[],"_links":{"self":[{"href":"https:\/\/www.riadm.ca\/index.php\/wp-json\/wp\/v2\/posts\/6530"}],"collection":[{"href":"https:\/\/www.riadm.ca\/index.php\/wp-json\/wp\/v2\/posts"}],"about":[{"href":"https:\/\/www.riadm.ca\/index.php\/wp-json\/wp\/v2\/types\/post"}],"author":[{"embeddable":true,"href":"https:\/\/www.riadm.ca\/index.php\/wp-json\/wp\/v2\/users\/6"}],"replies":[{"embeddable":true,"href":"https:\/\/www.riadm.ca\/index.php\/wp-json\/wp\/v2\/comments?post=6530"}],"version-history":[{"count":9,"href":"https:\/\/www.riadm.ca\/index.php\/wp-json\/wp\/v2\/posts\/6530\/revisions"}],"predecessor-version":[{"id":6541,"href":"https:\/\/www.riadm.ca\/index.php\/wp-json\/wp\/v2\/posts\/6530\/revisions\/6541"}],"wp:featuredmedia":[{"embeddable":true,"href":"https:\/\/www.riadm.ca\/index.php\/wp-json\/wp\/v2\/media\/4781"}],"wp:attachment":[{"href":"https:\/\/www.riadm.ca\/index.php\/wp-json\/wp\/v2\/media?parent=6530"}],"wp:term":[{"taxonomy":"category","embeddable":true,"href":"https:\/\/www.riadm.ca\/index.php\/wp-json\/wp\/v2\/categories?post=6530"},{"taxonomy":"post_tag","embeddable":true,"href":"https:\/\/www.riadm.ca\/index.php\/wp-json\/wp\/v2\/tags?post=6530"}],"curies":[{"name":"wp","href":"https:\/\/api.w.org\/{rel}","templated":true}]}}